{"id":10461,"date":"2024-08-06T15:05:16","date_gmt":"2024-08-06T13:05:16","guid":{"rendered":"https:\/\/kodanska.jinakrajina.cz\/cs\/?p=10461"},"modified":"2024-08-06T15:05:19","modified_gmt":"2024-08-06T13:05:19","slug":"10461-2","status":"publish","type":"post","link":"https:\/\/www.kodanska.jinakrajina.cz\/cs\/10461-2\/","title":{"rendered":"7.8.2024"},"content":{"rendered":"<h2>Pol\u00e9vky<\/h2>\n<div>\n<h4>gul\u00e1\u0161ov\u00e1 (1)<\/h4>\n<p>v cen\u011b menu<\/p><\/div>\n<div>\n<h4>zeleninov\u00fd kr\u00e9m s feferonkami (3,7,9) &#8211; bez lepku<\/h4>\n<p>v cen\u011b menu<\/p><\/div>\n<h2>Sal\u00e1ty<\/h2>\n<div>\n<h4>chlazen\u00fd meloun &#8211; bez lepku<\/h4>\n<p>v cen\u011b menu<\/p><\/div>\n<h2>Hlavn\u00ed j\u00eddla<\/h2>\n<div>\n<h4>1. Pe\u010den\u00fd cel\u00fd pstruh nad\u00edvan\u00fd bylinkami a citronem, &#8211; bez lepku, 300g<\/h4>\n<p>carpaccio z \u010derven\u00e9 \u0159epy a gratinovan\u00e9 brambory (3,4,7)<br \/>189,- K\u010d<\/div>\n<div>\n<h4>2. \u201eSpaghetti aglio olio e peperoncino\u201c \u2013 feferonky, \u010desnek, petr\u017eelka, olivov\u00fd olej,, 250g<\/h4>\n<p>\u010derstv\u00e9 vaje\u010dn\u00e9 t\u011bstoviny a parmaz\u00e1n (1,3,7)<br \/>175,- K\u010d<\/div>\n<div>\n<h4>3. Ku\u0159ec\u00ed prs\u00ed\u010dko gratinovan\u00e9 mozzarellou a su\u0161en\u00fdm raj\u010detem, &#8211; bez lepku, 150g<\/h4>\n<p>pe\u010den\u00e1 brambora s bylinkov\u00fdm dipem (7)<br \/>175,- K\u010d<\/div>\n<div>\n<h4>4. \u201eHolandsk\u00fd \u0159\u00edzek\u201c \u2013 mlet\u00fd kr\u016ft\u00ed \u0159\u00edzek nad\u00edvan\u00fd goudou a petr\u017eelkou,, 180g<\/h4>\n<p>bramborov\u00e1 ka\u0161e a kysel\u00e1 okurka (1,3,7,11)<br \/>179,- K\u010d<\/div>\n<div>\n<h4>5. Zv\u011b\u0159inov\u00fd gul\u00e1\u0161ek s \u010dervenou cibulkou, 150g<\/h4>\n<p>a r\u00fd\u017e\u00ed basmati (1,9,12)<br \/>179,- K\u010d<\/div>\n<div>\n<h4>6. Velk\u00fd sal\u00e1t s ku\u0159ec\u00edmi nudli\u010dkami, raj\u010daty, mrkv\u00ed, rukolou,, 150g<\/h4>\n<p>trhan\u00fdmi listy, pomeran\u010dovou z\u00e1livkou a bylinkov\u00fdmi krutony (1,3,7,10,11)<br \/>179,- K\u010d<\/div>\n<h2>Dezert dne<\/h2>\n<div>\n<h4>mrkvov\u00fd dort\u00edk s medov\u00fdm p\u0159elivem (1,3,7,8,13)<\/h4>\n<p>39,- K\u010d<\/div>\n","protected":false},"excerpt":{"rendered":"<p>Pol\u00e9vky gul\u00e1\u0161ov\u00e1 (1) v cen\u011b menu zeleninov\u00fd kr\u00e9m s feferonkami (3,7,9) &#8211; bez lepku v cen\u011b menu Sal\u00e1ty chlazen\u00fd meloun &#8211; bez lepku v cen\u011b menu Hlavn\u00ed j\u00eddla 1. Pe\u010den\u00fd cel\u00fd pstruh nad\u00edvan\u00fd bylinkami a citronem, &#8211; bez lepku, 300g carpaccio z \u010derven\u00e9 \u0159epy a gratinovan\u00e9 brambory (3,4,7)189,- K\u010d 2. \u201eSpaghetti aglio olio e peperoncino\u201c [&hellip;]<\/p>\n","protected":false},"author":3,"featured_media":0,"comment_status":"open","ping_status":"open","sticky":false,"template":"","format":"standard","meta":{"_acf_changed":false,"footnotes":""},"class_list":["post-10461","post","type-post","status-publish","format-standard","hentry"],"acf":[],"yoast_head":"<!-- This site is optimized with the Yoast SEO plugin v27.4 - https:\/\/yoast.com\/product\/yoast-seo-wordpress\/ -->\n<title>7.8.2024 - Jin\u00e1 Krajina<\/title>\n<meta name=\"robots\" content=\"index, follow, max-snippet:-1, max-image-preview:large, max-video-preview:-1\" \/>\n<link rel=\"canonical\" href=\"https:\/\/www.kodanska.jinakrajina.cz\/cs\/10461-2\/\" \/>\n<meta property=\"og:locale\" content=\"cs_CZ\" \/>\n<meta property=\"og:type\" content=\"article\" \/>\n<meta property=\"og:title\" content=\"7.8.2024 - Jin\u00e1 Krajina\" \/>\n<meta property=\"og:description\" content=\"Pol\u00e9vky gul\u00e1\u0161ov\u00e1 (1) v cen\u011b menu zeleninov\u00fd kr\u00e9m s feferonkami (3,7,9) &#8211; bez lepku v cen\u011b menu Sal\u00e1ty chlazen\u00fd meloun &#8211; bez lepku v cen\u011b menu Hlavn\u00ed j\u00eddla 1. Pe\u010den\u00fd cel\u00fd pstruh nad\u00edvan\u00fd bylinkami a citronem, &#8211; bez lepku, 300g carpaccio z \u010derven\u00e9 \u0159epy a gratinovan\u00e9 brambory (3,4,7)189,- K\u010d 2. \u201eSpaghetti aglio olio e peperoncino\u201c [&hellip;]\" \/>\n<meta property=\"og:url\" content=\"https:\/\/www.kodanska.jinakrajina.cz\/cs\/10461-2\/\" \/>\n<meta property=\"og:site_name\" content=\"Jin\u00e1 Krajina\" \/>\n<meta property=\"article:published_time\" content=\"2024-08-06T13:05:16+00:00\" \/>\n<meta property=\"article:modified_time\" content=\"2024-08-06T13:05:19+00:00\" \/>\n<meta name=\"author\" content=\"Tom\u00e1\u0161 Kal\u00e1b\" \/>\n<meta name=\"twitter:card\" content=\"summary_large_image\" \/>\n<meta name=\"twitter:label1\" content=\"Napsal(a)\" \/>\n\t<meta name=\"twitter:data1\" content=\"Tom\u00e1\u0161 Kal\u00e1b\" \/>\n\t<meta name=\"twitter:label2\" content=\"Odhadovan\u00e1 doba \u010dten\u00ed\" \/>\n\t<meta name=\"twitter:data2\" content=\"1 minuta\" \/>\n<script type=\"application\/ld+json\" class=\"yoast-schema-graph\">{\"@context\":\"https:\\\/\\\/schema.org\",\"@graph\":[{\"@type\":\"Article\",\"@id\":\"https:\\\/\\\/www.kodanska.jinakrajina.cz\\\/cs\\\/10461-2\\\/#article\",\"isPartOf\":{\"@id\":\"https:\\\/\\\/www.kodanska.jinakrajina.cz\\\/cs\\\/10461-2\\\/\"},\"author\":{\"name\":\"Tom\u00e1\u0161 Kal\u00e1b\",\"@id\":\"https:\\\/\\\/kodanska.jinakrajina.cz\\\/cs\\\/#\\\/schema\\\/person\\\/905794cbc505832fb1be714596cb1588\"},\"headline\":\"7.8.2024\",\"datePublished\":\"2024-08-06T13:05:16+00:00\",\"dateModified\":\"2024-08-06T13:05:19+00:00\",\"mainEntityOfPage\":{\"@id\":\"https:\\\/\\\/www.kodanska.jinakrajina.cz\\\/cs\\\/10461-2\\\/\"},\"wordCount\":166,\"commentCount\":0,\"inLanguage\":\"cs\"},{\"@type\":\"WebPage\",\"@id\":\"https:\\\/\\\/www.kodanska.jinakrajina.cz\\\/cs\\\/10461-2\\\/\",\"url\":\"https:\\\/\\\/www.kodanska.jinakrajina.cz\\\/cs\\\/10461-2\\\/\",\"name\":\"7.8.2024 - Jin\u00e1 Krajina\",\"isPartOf\":{\"@id\":\"https:\\\/\\\/kodanska.jinakrajina.cz\\\/cs\\\/#website\"},\"datePublished\":\"2024-08-06T13:05:16+00:00\",\"dateModified\":\"2024-08-06T13:05:19+00:00\",\"author\":{\"@id\":\"https:\\\/\\\/kodanska.jinakrajina.cz\\\/cs\\\/#\\\/schema\\\/person\\\/905794cbc505832fb1be714596cb1588\"},\"breadcrumb\":{\"@id\":\"https:\\\/\\\/www.kodanska.jinakrajina.cz\\\/cs\\\/10461-2\\\/#breadcrumb\"},\"inLanguage\":\"cs\",\"potentialAction\":[{\"@type\":\"ReadAction\",\"target\":[\"https:\\\/\\\/www.kodanska.jinakrajina.cz\\\/cs\\\/10461-2\\\/\"]}]},{\"@type\":\"BreadcrumbList\",\"@id\":\"https:\\\/\\\/www.kodanska.jinakrajina.cz\\\/cs\\\/10461-2\\\/#breadcrumb\",\"itemListElement\":[{\"@type\":\"ListItem\",\"position\":1,\"name\":\"Home\",\"item\":\"https:\\\/\\\/kodanska.jinakrajina.cz\\\/cs\\\/\"},{\"@type\":\"ListItem\",\"position\":2,\"name\":\"7.8.2024\"}]},{\"@type\":\"WebSite\",\"@id\":\"https:\\\/\\\/kodanska.jinakrajina.cz\\\/cs\\\/#website\",\"url\":\"https:\\\/\\\/kodanska.jinakrajina.cz\\\/cs\\\/\",\"name\":\"Jin\u00e1 Krajina\",\"description\":\"\",\"potentialAction\":[{\"@type\":\"SearchAction\",\"target\":{\"@type\":\"EntryPoint\",\"urlTemplate\":\"https:\\\/\\\/kodanska.jinakrajina.cz\\\/cs\\\/?s={search_term_string}\"},\"query-input\":{\"@type\":\"PropertyValueSpecification\",\"valueRequired\":true,\"valueName\":\"search_term_string\"}}],\"inLanguage\":\"cs\"},{\"@type\":\"Person\",\"@id\":\"https:\\\/\\\/kodanska.jinakrajina.cz\\\/cs\\\/#\\\/schema\\\/person\\\/905794cbc505832fb1be714596cb1588\",\"name\":\"Tom\u00e1\u0161 Kal\u00e1b\",\"url\":\"https:\\\/\\\/www.kodanska.jinakrajina.cz\\\/cs\\\/author\\\/tomaskalab\\\/\"}]}<\/script>\n<!-- \/ Yoast SEO plugin. -->","yoast_head_json":{"title":"7.8.2024 - Jin\u00e1 Krajina","robots":{"index":"index","follow":"follow","max-snippet":"max-snippet:-1","max-image-preview":"max-image-preview:large","max-video-preview":"max-video-preview:-1"},"canonical":"https:\/\/www.kodanska.jinakrajina.cz\/cs\/10461-2\/","og_locale":"cs_CZ","og_type":"article","og_title":"7.8.2024 - Jin\u00e1 Krajina","og_description":"Pol\u00e9vky gul\u00e1\u0161ov\u00e1 (1) v cen\u011b menu zeleninov\u00fd kr\u00e9m s feferonkami (3,7,9) &#8211; bez lepku v cen\u011b menu Sal\u00e1ty chlazen\u00fd meloun &#8211; bez lepku v cen\u011b menu Hlavn\u00ed j\u00eddla 1. Pe\u010den\u00fd cel\u00fd pstruh nad\u00edvan\u00fd bylinkami a citronem, &#8211; bez lepku, 300g carpaccio z \u010derven\u00e9 \u0159epy a gratinovan\u00e9 brambory (3,4,7)189,- K\u010d 2. \u201eSpaghetti aglio olio e peperoncino\u201c [&hellip;]","og_url":"https:\/\/www.kodanska.jinakrajina.cz\/cs\/10461-2\/","og_site_name":"Jin\u00e1 Krajina","article_published_time":"2024-08-06T13:05:16+00:00","article_modified_time":"2024-08-06T13:05:19+00:00","author":"Tom\u00e1\u0161 Kal\u00e1b","twitter_card":"summary_large_image","twitter_misc":{"Napsal(a)":"Tom\u00e1\u0161 Kal\u00e1b","Odhadovan\u00e1 doba \u010dten\u00ed":"1 minuta"},"schema":{"@context":"https:\/\/schema.org","@graph":[{"@type":"Article","@id":"https:\/\/www.kodanska.jinakrajina.cz\/cs\/10461-2\/#article","isPartOf":{"@id":"https:\/\/www.kodanska.jinakrajina.cz\/cs\/10461-2\/"},"author":{"name":"Tom\u00e1\u0161 Kal\u00e1b","@id":"https:\/\/kodanska.jinakrajina.cz\/cs\/#\/schema\/person\/905794cbc505832fb1be714596cb1588"},"headline":"7.8.2024","datePublished":"2024-08-06T13:05:16+00:00","dateModified":"2024-08-06T13:05:19+00:00","mainEntityOfPage":{"@id":"https:\/\/www.kodanska.jinakrajina.cz\/cs\/10461-2\/"},"wordCount":166,"commentCount":0,"inLanguage":"cs"},{"@type":"WebPage","@id":"https:\/\/www.kodanska.jinakrajina.cz\/cs\/10461-2\/","url":"https:\/\/www.kodanska.jinakrajina.cz\/cs\/10461-2\/","name":"7.8.2024 - Jin\u00e1 Krajina","isPartOf":{"@id":"https:\/\/kodanska.jinakrajina.cz\/cs\/#website"},"datePublished":"2024-08-06T13:05:16+00:00","dateModified":"2024-08-06T13:05:19+00:00","author":{"@id":"https:\/\/kodanska.jinakrajina.cz\/cs\/#\/schema\/person\/905794cbc505832fb1be714596cb1588"},"breadcrumb":{"@id":"https:\/\/www.kodanska.jinakrajina.cz\/cs\/10461-2\/#breadcrumb"},"inLanguage":"cs","potentialAction":[{"@type":"ReadAction","target":["https:\/\/www.kodanska.jinakrajina.cz\/cs\/10461-2\/"]}]},{"@type":"BreadcrumbList","@id":"https:\/\/www.kodanska.jinakrajina.cz\/cs\/10461-2\/#breadcrumb","itemListElement":[{"@type":"ListItem","position":1,"name":"Home","item":"https:\/\/kodanska.jinakrajina.cz\/cs\/"},{"@type":"ListItem","position":2,"name":"7.8.2024"}]},{"@type":"WebSite","@id":"https:\/\/kodanska.jinakrajina.cz\/cs\/#website","url":"https:\/\/kodanska.jinakrajina.cz\/cs\/","name":"Jin\u00e1 Krajina","description":"","potentialAction":[{"@type":"SearchAction","target":{"@type":"EntryPoint","urlTemplate":"https:\/\/kodanska.jinakrajina.cz\/cs\/?s={search_term_string}"},"query-input":{"@type":"PropertyValueSpecification","valueRequired":true,"valueName":"search_term_string"}}],"inLanguage":"cs"},{"@type":"Person","@id":"https:\/\/kodanska.jinakrajina.cz\/cs\/#\/schema\/person\/905794cbc505832fb1be714596cb1588","name":"Tom\u00e1\u0161 Kal\u00e1b","url":"https:\/\/www.kodanska.jinakrajina.cz\/cs\/author\/tomaskalab\/"}]}},"_links":{"self":[{"href":"https:\/\/www.kodanska.jinakrajina.cz\/cs\/wp-json\/wp\/v2\/posts\/10461","targetHints":{"allow":["GET"]}}],"collection":[{"href":"https:\/\/www.kodanska.jinakrajina.cz\/cs\/wp-json\/wp\/v2\/posts"}],"about":[{"href":"https:\/\/www.kodanska.jinakrajina.cz\/cs\/wp-json\/wp\/v2\/types\/post"}],"author":[{"embeddable":true,"href":"https:\/\/www.kodanska.jinakrajina.cz\/cs\/wp-json\/wp\/v2\/users\/3"}],"replies":[{"embeddable":true,"href":"https:\/\/www.kodanska.jinakrajina.cz\/cs\/wp-json\/wp\/v2\/comments?post=10461"}],"version-history":[{"count":6,"href":"https:\/\/www.kodanska.jinakrajina.cz\/cs\/wp-json\/wp\/v2\/posts\/10461\/revisions"}],"predecessor-version":[{"id":10467,"href":"https:\/\/www.kodanska.jinakrajina.cz\/cs\/wp-json\/wp\/v2\/posts\/10461\/revisions\/10467"}],"wp:attachment":[{"href":"https:\/\/www.kodanska.jinakrajina.cz\/cs\/wp-json\/wp\/v2\/media?parent=10461"}],"curies":[{"name":"wp","href":"https:\/\/api.w.org\/{rel}","templated":true}]}}